{"id":76,"date":"2020-04-10T10:33:36","date_gmt":"2020-04-10T08:33:36","guid":{"rendered":"https:\/\/poetenstube.de\/traumtuch\/?p=76"},"modified":"2020-05-01T10:53:01","modified_gmt":"2020-05-01T08:53:01","slug":"2009-06juni","status":"publish","type":"post","link":"https:\/\/poetenstube.de\/traumtuch\/2020\/04\/10\/2009-06juni\/","title":{"rendered":"2009-06Juni"},"content":{"rendered":"\t\t<div data-elementor-type=\"wp-post\" data-elementor-id=\"76\" class=\"elementor elementor-76\" data-elementor-settings=\"[]\">\n\t\t\t\t\t\t<div class=\"elementor-inner\">\n\t\t\t\t\t\t\t<div class=\"elementor-section-wrap\">\n\t\t\t\t\t\t\t<section class=\"elementor-section elementor-top-section elementor-element elementor-element-bee3ec4 elementor-section-height-min-height elementor-section-items-top elementor-section-content-top elementor-section-boxed elementor-section-height-default\" data-id=\"bee3ec4\" data-element_type=\"section\" data-settings=\"{&quot;background_background&quot;:&quot;classic&quot;}\">\n\t\t\t\t\t\t\t<div class=\"elementor-background-overlay\"><\/div>\n\t\t\t\t\t\t\t<div class=\"elementor-container elementor-column-gap-no\">\n\t\t\t\t\t\t\t<div class=\"elementor-row\">\n\t\t\t\t\t<div class=\"elementor-column elementor-col-100 elementor-top-column elementor-element elementor-element-f339de0\" data-id=\"f339de0\" data-element_type=\"column\">\n\t\t\t<div class=\"elementor-column-wrap elementor-element-populated\">\n\t\t\t\t\t\t\t<div class=\"elementor-widget-wrap\">\n\t\t\t\t\t\t<div class=\"elementor-element elementor-element-7b63e3b elementor-align-center elementor-widget elementor-widget-button\" data-id=\"7b63e3b\" data-element_type=\"widget\" data-widget_type=\"button.default\">\n\t\t\t\t<div class=\"elementor-widget-container\">\n\t\t\t\t\t<div class=\"elementor-button-wrapper\">\n\t\t\t<a href=\"https:\/\/poetenstube.de\/traumtuch\/\" rel=\"nofollow\" class=\"elementor-button-link elementor-button elementor-size-md\" role=\"button\">\n\t\t\t\t\t\t<span class=\"elementor-button-content-wrapper\">\n\t\t\t\t\t\t<span class=\"elementor-button-icon elementor-align-icon-left\">\n\t\t\t\t<i aria-hidden=\"true\" class=\"fas fa-arrow-right\"><\/i>\t\t\t<\/span>\n\t\t\t\t\t\t<span class=\"elementor-button-text\">Zur\u00fcck zum Blog<\/span>\n\t\t<\/span>\n\t\t\t\t\t<\/a>\n\t\t<\/div>\n\t\t\t\t<\/div>\n\t\t\t\t<\/div>\n\t\t\t\t<div class=\"elementor-element elementor-element-96a4b01 elementor-widget elementor-widget-heading\" data-id=\"96a4b01\" data-element_type=\"widget\" data-widget_type=\"heading.default\">\n\t\t\t\t<div class=\"elementor-widget-container\">\n\t\t\t<h2 class=\"elementor-heading-title elementor-size-xl\">2009-06-Juni<\/h2>\t\t<\/div>\n\t\t\t\t<\/div>\n\t\t\t\t<div class=\"elementor-element elementor-element-c83104e elementor-widget elementor-widget-text-editor\" data-id=\"c83104e\" data-element_type=\"widget\" data-widget_type=\"text-editor.default\">\n\t\t\t\t<div class=\"elementor-widget-container\">\n\t\t\t\t\t<div class=\"elementor-text-editor elementor-clearfix\"><small>Freitag, 26. Juni 2009<\/small><br><br>\n\n<big>Traumtuch<\/big><br><br>\n\nZusammen haben<br>\nwir es im Fr\u00fchling<br>\ngewoben.<br><br>\n\nIm Duft von Sommerblumen<br>\nkann es unsere Hitze<br>\nk\u00fchlen.<br><br>\n\nUnserer beider Herbstnacht<br>\nwird es den Sternen<br>\nschenken.<br><br>\n\nUnd sollte die K\u00e4lte kommen,<br>\nwird es uns beide<br>\nw\u00e4rmen.<br><br>\n<\/div>\n\t\t\t\t<\/div>\n\t\t\t\t<\/div>\n\t\t\t\t<div class=\"elementor-element elementor-element-531c460 elementor-align-center elementor-widget elementor-widget-button\" data-id=\"531c460\" data-element_type=\"widget\" data-widget_type=\"button.default\">\n\t\t\t\t<div class=\"elementor-widget-container\">\n\t\t\t\t\t<div class=\"elementor-button-wrapper\">\n\t\t\t<a href=\"https:\/\/poetenstube.de\/traumtuch\/\" rel=\"nofollow\" class=\"elementor-button-link elementor-button elementor-size-md\" role=\"button\">\n\t\t\t\t\t\t<span class=\"elementor-button-content-wrapper\">\n\t\t\t\t\t\t<span class=\"elementor-button-icon elementor-align-icon-left\">\n\t\t\t\t<i aria-hidden=\"true\" class=\"fas fa-arrow-right\"><\/i>\t\t\t<\/span>\n\t\t\t\t\t\t<span class=\"elementor-button-text\">Zur\u00fcck zum Blog<\/span>\n\t\t<\/span>\n\t\t\t\t\t<\/a>\n\t\t<\/div>\n\t\t\t\t<\/div>\n\t\t\t\t<\/div>\n\t\t\t\t\t\t<\/div>\n\t\t\t\t\t<\/div>\n\t\t<\/div>\n\t\t\t\t\t\t\t\t<\/div>\n\t\t\t\t\t<\/div>\n\t\t<\/section>\n\t\t\t\t\t\t<\/div>\n\t\t\t\t\t\t<\/div>\n\t\t\t\t\t<\/div>\n\t\t","protected":false},"excerpt":{"rendered":"<p>Zur\u00fcck zum Blog 2009-06-Juni Freitag, 26. Juni 2009 Traumtuch Zusammen haben wir es im Fr\u00fchling gewoben. Im Duft von Sommerblumen kann es unsere Hitze k\u00fchlen. Unserer beider Herbstnacht wird es den Sternen schenken. Und sollte die K\u00e4lte kommen, wird es uns beide w\u00e4rmen. Zur\u00fcck zum Blog<\/p>\n","protected":false},"author":1,"featured_media":0,"comment_status":"closed","ping_status":"closed","sticky":false,"template":"elementor_header_footer","format":"standard","meta":[],"categories":[1],"tags":[],"_links":{"self":[{"href":"https:\/\/poetenstube.de\/traumtuch\/wp-json\/wp\/v2\/posts\/76"}],"collection":[{"href":"https:\/\/poetenstube.de\/traumtuch\/wp-json\/wp\/v2\/posts"}],"about":[{"href":"https:\/\/poetenstube.de\/traumtuch\/wp-json\/wp\/v2\/types\/post"}],"author":[{"embeddable":true,"href":"https:\/\/poetenstube.de\/traumtuch\/wp-json\/wp\/v2\/users\/1"}],"replies":[{"embeddable":true,"href":"https:\/\/poetenstube.de\/traumtuch\/wp-json\/wp\/v2\/comments?post=76"}],"version-history":[{"count":38,"href":"https:\/\/poetenstube.de\/traumtuch\/wp-json\/wp\/v2\/posts\/76\/revisions"}],"predecessor-version":[{"id":377,"href":"https:\/\/poetenstube.de\/traumtuch\/wp-json\/wp\/v2\/posts\/76\/revisions\/377"}],"wp:attachment":[{"href":"https:\/\/poetenstube.de\/traumtuch\/wp-json\/wp\/v2\/media?parent=76"}],"wp:term":[{"taxonomy":"category","embeddable":true,"href":"https:\/\/poetenstube.de\/traumtuch\/wp-json\/wp\/v2\/categories?post=76"},{"taxonomy":"post_tag","embeddable":true,"href":"https:\/\/poetenstube.de\/traumtuch\/wp-json\/wp\/v2\/tags?post=76"}],"curies":[{"name":"wp","href":"https:\/\/api.w.org\/{rel}","templated":true}]}}