{"id":351,"date":"2020-04-16T08:07:48","date_gmt":"2020-04-16T06:07:48","guid":{"rendered":"https:\/\/poetenstube.de\/traumtuch\/?p=351"},"modified":"2020-05-01T10:59:48","modified_gmt":"2020-05-01T08:59:48","slug":"2009-12-dezember","status":"publish","type":"post","link":"https:\/\/poetenstube.de\/traumtuch\/2020\/04\/16\/2009-12-dezember\/","title":{"rendered":"2009-12-Dezember"},"content":{"rendered":"\t\t<div data-elementor-type=\"wp-post\" data-elementor-id=\"351\" class=\"elementor elementor-351\" data-elementor-settings=\"[]\">\n\t\t\t\t\t\t<div class=\"elementor-inner\">\n\t\t\t\t\t\t\t<div class=\"elementor-section-wrap\">\n\t\t\t\t\t\t\t<section class=\"elementor-section elementor-top-section elementor-element elementor-element-989f3ee elementor-section-height-min-height elementor-section-items-top elementor-section-content-top elementor-section-boxed elementor-section-height-default\" data-id=\"989f3ee\" data-element_type=\"section\" data-settings=\"{&quot;background_background&quot;:&quot;classic&quot;}\">\n\t\t\t\t\t\t\t<div class=\"elementor-background-overlay\"><\/div>\n\t\t\t\t\t\t\t<div class=\"elementor-container elementor-column-gap-no\">\n\t\t\t\t\t\t\t<div class=\"elementor-row\">\n\t\t\t\t\t<div class=\"elementor-column elementor-col-100 elementor-top-column elementor-element elementor-element-70c33ad\" data-id=\"70c33ad\" data-element_type=\"column\">\n\t\t\t<div class=\"elementor-column-wrap elementor-element-populated\">\n\t\t\t\t\t\t\t<div class=\"elementor-widget-wrap\">\n\t\t\t\t\t\t<div class=\"elementor-element elementor-element-cadbbec elementor-align-center elementor-widget elementor-widget-button\" data-id=\"cadbbec\" data-element_type=\"widget\" data-widget_type=\"button.default\">\n\t\t\t\t<div class=\"elementor-widget-container\">\n\t\t\t\t\t<div class=\"elementor-button-wrapper\">\n\t\t\t<a href=\"https:\/\/poetenstube.de\/traumtuch\/\" rel=\"nofollow\" class=\"elementor-button-link elementor-button elementor-size-md\" role=\"button\">\n\t\t\t\t\t\t<span class=\"elementor-button-content-wrapper\">\n\t\t\t\t\t\t<span class=\"elementor-button-icon elementor-align-icon-left\">\n\t\t\t\t<i aria-hidden=\"true\" class=\"fas fa-arrow-right\"><\/i>\t\t\t<\/span>\n\t\t\t\t\t\t<span class=\"elementor-button-text\">Zur\u00fcck zum Blog<\/span>\n\t\t<\/span>\n\t\t\t\t\t<\/a>\n\t\t<\/div>\n\t\t\t\t<\/div>\n\t\t\t\t<\/div>\n\t\t\t\t<div class=\"elementor-element elementor-element-c5b35bd elementor-widget elementor-widget-heading\" data-id=\"c5b35bd\" data-element_type=\"widget\" data-widget_type=\"heading.default\">\n\t\t\t\t<div class=\"elementor-widget-container\">\n\t\t\t<h2 class=\"elementor-heading-title elementor-size-xl\">2009-12-Dezember<\/h2>\t\t<\/div>\n\t\t\t\t<\/div>\n\t\t\t\t<div class=\"elementor-element elementor-element-7a8047a elementor-widget elementor-widget-text-editor\" data-id=\"7a8047a\" data-element_type=\"widget\" data-widget_type=\"text-editor.default\">\n\t\t\t\t<div class=\"elementor-widget-container\">\n\t\t\t\t\t<div class=\"elementor-text-editor elementor-clearfix\"><small>Dienstag, 15. Dezember 2009<\/small><br><br>\n\n<big>Vom Himmel<\/big><br><br>\n\nVor dem Fenster tobt ein kalter Wind<br>\nder Schnee ist wei\u00df<br>\nund der Himmel nirgendwo.<br><br>\n\nIn den B\u00f6en tr\u00e4gt Schweigen das Lied<br>\nvon Einsamkeit,<br>\nstetig, Abend f\u00fcr Abend.<br><br>\n\nDu gehst hinaus in die Weite<br>\ndu verlierst dich<br>\nim Land ohne Horizont.<br><br>\n\nIn der Spur des vergangenen Tages<br>\nl\u00e4uft die Erinnerung<br>\ngegen das Vergessen.<br><br>\n\nDoch endlich erklingt eine andere Melodie<br>\nDu bewegst dich nicht<br>\nund lauschst diesem fremden Klang.<br><br>\n\nDann am Morgen steigt ein L\u00e4cheln auf<br>\naus der Leere<br>\nLicht wird es \u00fcber dem Eis.<br><br>\n\nUnd in der W\u00e4rme deines Herzens<br>\nsp\u00fcrst du genau:<br>\nder Himmel ist in dir.<br><br>\n<hr style=\"border: 0; height: 5px; background-image: linear-gradient(to right, rgba(0, 0, 0, 0), rgba(0, 0, 0, 0.75), rgba(0, 0, 0, 0));\" \/><br><br>\n\n<\/div>\n\t\t\t\t<\/div>\n\t\t\t\t<\/div>\n\t\t\t\t<div class=\"elementor-element elementor-element-41166e7 elementor-align-center elementor-widget elementor-widget-button\" data-id=\"41166e7\" data-element_type=\"widget\" data-widget_type=\"button.default\">\n\t\t\t\t<div class=\"elementor-widget-container\">\n\t\t\t\t\t<div class=\"elementor-button-wrapper\">\n\t\t\t<a href=\"https:\/\/poetenstube.de\/traumtuch\/\" rel=\"nofollow\" class=\"elementor-button-link elementor-button elementor-size-md\" role=\"button\">\n\t\t\t\t\t\t<span class=\"elementor-button-content-wrapper\">\n\t\t\t\t\t\t<span class=\"elementor-button-icon elementor-align-icon-left\">\n\t\t\t\t<i aria-hidden=\"true\" class=\"fas fa-arrow-right\"><\/i>\t\t\t<\/span>\n\t\t\t\t\t\t<span class=\"elementor-button-text\">Zur\u00fcck zum Blog<\/span>\n\t\t<\/span>\n\t\t\t\t\t<\/a>\n\t\t<\/div>\n\t\t\t\t<\/div>\n\t\t\t\t<\/div>\n\t\t\t\t\t\t<\/div>\n\t\t\t\t\t<\/div>\n\t\t<\/div>\n\t\t\t\t\t\t\t\t<\/div>\n\t\t\t\t\t<\/div>\n\t\t<\/section>\n\t\t\t\t\t\t<\/div>\n\t\t\t\t\t\t<\/div>\n\t\t\t\t\t<\/div>\n\t\t","protected":false},"excerpt":{"rendered":"<p>Zur\u00fcck zum Blog 2009-12-Dezember Dienstag, 15. Dezember 2009 Vom Himmel Vor dem Fenster tobt ein kalter Wind der Schnee ist wei\u00df und der Himmel nirgendwo. In den B\u00f6en tr\u00e4gt Schweigen das Lied von Einsamkeit, stetig, Abend f\u00fcr Abend. Du gehst hinaus in die Weite du verlierst dich im Land ohne Horizont. In der Spur des &#8230; <a title=\"2009-12-Dezember\" class=\"read-more\" href=\"https:\/\/poetenstube.de\/traumtuch\/2020\/04\/16\/2009-12-dezember\/\" aria-label=\"Mehr dazu unter 2009-12-Dezember\">Weiterlesen<\/a><\/p>\n","protected":false},"author":1,"featured_media":0,"comment_status":"closed","ping_status":"closed","sticky":false,"template":"elementor_header_footer","format":"standard","meta":[],"categories":[1],"tags":[],"_links":{"self":[{"href":"https:\/\/poetenstube.de\/traumtuch\/wp-json\/wp\/v2\/posts\/351"}],"collection":[{"href":"https:\/\/poetenstube.de\/traumtuch\/wp-json\/wp\/v2\/posts"}],"about":[{"href":"https:\/\/poetenstube.de\/traumtuch\/wp-json\/wp\/v2\/types\/post"}],"author":[{"embeddable":true,"href":"https:\/\/poetenstube.de\/traumtuch\/wp-json\/wp\/v2\/users\/1"}],"replies":[{"embeddable":true,"href":"https:\/\/poetenstube.de\/traumtuch\/wp-json\/wp\/v2\/comments?post=351"}],"version-history":[{"count":6,"href":"https:\/\/poetenstube.de\/traumtuch\/wp-json\/wp\/v2\/posts\/351\/revisions"}],"predecessor-version":[{"id":383,"href":"https:\/\/poetenstube.de\/traumtuch\/wp-json\/wp\/v2\/posts\/351\/revisions\/383"}],"wp:attachment":[{"href":"https:\/\/poetenstube.de\/traumtuch\/wp-json\/wp\/v2\/media?parent=351"}],"wp:term":[{"taxonomy":"category","embeddable":true,"href":"https:\/\/poetenstube.de\/traumtuch\/wp-json\/wp\/v2\/categories?post=351"},{"taxonomy":"post_tag","embeddable":true,"href":"https:\/\/poetenstube.de\/traumtuch\/wp-json\/wp\/v2\/tags?post=351"}],"curies":[{"name":"wp","href":"https:\/\/api.w.org\/{rel}","templated":true}]}}