{"id":349,"date":"2020-04-16T08:06:33","date_gmt":"2020-04-16T06:06:33","guid":{"rendered":"https:\/\/poetenstube.de\/traumtuch\/?p=349"},"modified":"2020-05-01T11:03:55","modified_gmt":"2020-05-01T09:03:55","slug":"2009-11-november","status":"publish","type":"post","link":"https:\/\/poetenstube.de\/traumtuch\/2020\/04\/16\/2009-11-november\/","title":{"rendered":"2009-11-November"},"content":{"rendered":"\t\t<div data-elementor-type=\"wp-post\" data-elementor-id=\"349\" class=\"elementor elementor-349\" data-elementor-settings=\"[]\">\n\t\t\t\t\t\t<div class=\"elementor-inner\">\n\t\t\t\t\t\t\t<div class=\"elementor-section-wrap\">\n\t\t\t\t\t\t\t<section class=\"elementor-section elementor-top-section elementor-element elementor-element-989f3ee elementor-section-height-min-height elementor-section-items-top elementor-section-content-top elementor-section-boxed elementor-section-height-default\" data-id=\"989f3ee\" data-element_type=\"section\" data-settings=\"{&quot;background_background&quot;:&quot;classic&quot;}\">\n\t\t\t\t\t\t\t<div class=\"elementor-background-overlay\"><\/div>\n\t\t\t\t\t\t\t<div class=\"elementor-container elementor-column-gap-no\">\n\t\t\t\t\t\t\t<div class=\"elementor-row\">\n\t\t\t\t\t<div class=\"elementor-column elementor-col-100 elementor-top-column elementor-element elementor-element-70c33ad\" data-id=\"70c33ad\" data-element_type=\"column\">\n\t\t\t<div class=\"elementor-column-wrap elementor-element-populated\">\n\t\t\t\t\t\t\t<div class=\"elementor-widget-wrap\">\n\t\t\t\t\t\t<div class=\"elementor-element elementor-element-cadbbec elementor-align-center elementor-widget elementor-widget-button\" data-id=\"cadbbec\" data-element_type=\"widget\" data-widget_type=\"button.default\">\n\t\t\t\t<div class=\"elementor-widget-container\">\n\t\t\t\t\t<div class=\"elementor-button-wrapper\">\n\t\t\t<a href=\"https:\/\/poetenstube.de\/traumtuch\/\" rel=\"nofollow\" class=\"elementor-button-link elementor-button elementor-size-md\" role=\"button\">\n\t\t\t\t\t\t<span class=\"elementor-button-content-wrapper\">\n\t\t\t\t\t\t<span class=\"elementor-button-icon elementor-align-icon-left\">\n\t\t\t\t<i aria-hidden=\"true\" class=\"fas fa-arrow-right\"><\/i>\t\t\t<\/span>\n\t\t\t\t\t\t<span class=\"elementor-button-text\">Zur\u00fcck zum Blog<\/span>\n\t\t<\/span>\n\t\t\t\t\t<\/a>\n\t\t<\/div>\n\t\t\t\t<\/div>\n\t\t\t\t<\/div>\n\t\t\t\t<div class=\"elementor-element elementor-element-c5b35bd elementor-widget elementor-widget-heading\" data-id=\"c5b35bd\" data-element_type=\"widget\" data-widget_type=\"heading.default\">\n\t\t\t\t<div class=\"elementor-widget-container\">\n\t\t\t<h2 class=\"elementor-heading-title elementor-size-xl\">2009-11-November<\/h2>\t\t<\/div>\n\t\t\t\t<\/div>\n\t\t\t\t<div class=\"elementor-element elementor-element-7a8047a elementor-widget elementor-widget-text-editor\" data-id=\"7a8047a\" data-element_type=\"widget\" data-widget_type=\"text-editor.default\">\n\t\t\t\t<div class=\"elementor-widget-container\">\n\t\t\t\t\t<div class=\"elementor-text-editor elementor-clearfix\"><small>Montag, 3. August 2009<\/small><br><br>\n\n<big>Silbermond<\/big><br><br>\n\n<big>Cerro Chirrip\u00f2, Cordillera de Talamanca<br>\nCosta Rica, Centro America<\/big><br><br>\n\nChirrip\u00f3 nennen die Indianer diesen Berg,<br>\newige Wasser, aguas eternas.<br>\n3820 Meter \u00fcber Normalnull.<br>\nSicht auf Atlantik im Osten<br>\nund Pazifik im Westen.<br>\nVor uns breitet sich eine Landschaft aus,<br>\nin der jeder nur vorstellbare Gr\u00fcnton zu bewundern ist.<br>\nP\u00e1ramo, Kr\u00fcppelwald gesprenkelt \u00fcber weite Grasfl\u00e4chen.<br>\n\u00dcppiger Nebelwald mit Lorbeer<br>\nund immergr\u00fcnen Zypressen,<br>\nan denen sich Epiphyten emporziehen.<br>\n\u00dcberragt von gewaltigen Eichen,<br>\ndie sich mit der Entfernung<br>\nimmer mehr zusammenschlie\u00dfen<br>\nund gemeinsam mit der heranr\u00fcckenden Nacht<br>\neinen scharfen Horizont zeichnen.<br>\nDas satte Gr\u00fcn l\u00f6st sich in ein k\u00fchles Blau.<br><br>\nEs ist jener Moment,<br>\nwo die Gegenst\u00e4nde ihre Gestalt verlieren.<br>\nDunkelrot ist die gro\u00dfe Scheibe<br>\nhinter dem Schwarz verschwunden.<br>\nBizarre, blassrote Wolkenfetzen<br>\nmachen noch ein paar Spiele<br>\nhinterm Scherenschnitt,<br>\nbevor ein silbriger Mond \u00fcbernimmt.<br><br>\n<hr style=\"border: 0; height: 5px; background-image: linear-gradient(to right, rgba(0, 0, 0, 0), rgba(0, 0, 0, 0.75), rgba(0, 0, 0, 0));\" \/><br><br>\n\n\n<small>Dienstag, 4. August 2009<\/small><br><br>\n\n<big>und bleiben&#8230;<\/big><br><br>\n\nein langsames wort<br>\nin die zukunft<br>\nerlesen<br>\nund sagen<br>\nwas mut mit sich bringt<br>\n\u00fcber den h\u00fcgeln wachen<br>\nwege beschreiten<br>\nden himmel im arm<br>\nund im blick die zweige<br>\nmit bl\u00fchenden versprechen<br>\nzeitlos das wachsen<br>\nund atmen<br>\nzwischen den zeilen<br><br>\n<hr style=\"border: 0; height: 5px; background-image: linear-gradient(to right, rgba(0, 0, 0, 0), rgba(0, 0, 0, 0.75), rgba(0, 0, 0, 0));\" \/><br><br>\n\n\n<small>Dienstag, 11. August 2009<\/small><br><br>\n\n<big>Erinnerung<\/big><br><br>\n\nWei\u00dft du noch,<br>\ndort in der Ferne,<br>\nweit im Westen,<br>\nunser alter Kaktus?<br><br>\n\nWei\u00dft du noch,<br>\ntief in der Sonora Desert,<br>\nwo wir gemeinsam<br>\ndie Sterne z\u00e4hlten?<br><br>\n\nWei\u00dft du noch,<br>\nan meine Schulter gelehnt,<br>\nhast du leise gefl\u00fcstert,<br>\noh schau doch?<br><br>\n\nWei\u00dft du noch?<br><br>\n<hr style=\"border: 0; height: 5px; background-image: linear-gradient(to right, rgba(0, 0, 0, 0), rgba(0, 0, 0, 0.75), rgba(0, 0, 0, 0));\" \/><br><br>\n\n\n<small>Freitag, 28. August 2009<\/small><br><br>\n\n<big>Schweigen<\/big><br><br>\n\nIn der Weite<br>\nzerflie\u00dfen Gedanken.<br>\nTragen fort<br>\nvon dem<br>\nwas gestern war.<br><br>\n\nIn der Leere<br>\nverbleichen Worte.<br>\nSp\u00fclen weg<br>\naus dem<br>\nwas heute ist.<br><br>\n\nIn der Tiefe<br>\nwurzelt Hoffnung.<br>\nErdet sich<br>\nzu dem<br>\nwas bleiben wird.<br><br>\n\nIn der Stille<br>\nw\u00e4chst Heilung.<br>\nVielleicht<br>\nsollten wir<br>\nweiter schweigen.<br><br>\n<hr style=\"border: 0; height: 5px; background-image: linear-gradient(to right, rgba(0, 0, 0, 0), rgba(0, 0, 0, 0.75), rgba(0, 0, 0, 0));\" \/><br><br>\n\n\n<small>Mittwoch, 26. August 2009<\/small><br><br>\n\n<big>A\u00fan bajo las mismas estrellas<\/big><br><br>\n\n<big>Dari\u00e9n Gap<\/big><br><br>\n\nhei\u00dft die L\u00fccke in der Panamericana, an der auch wir scheitern. In einem Toyota Landcruiser bin ich mit meiner Frau von Canada auf dem Weg nach S\u00fcden. Aber hier in Panama ist erst mal Schluss. Dari\u00e9n nennt man das Regenwaldgebiet zwischen Panama und Kolumbien. Eine bergige Landschaft, von Sumpfgebieten und zahllosen Wasserl\u00e4ufen durchzogen. Eine m\u00e4chtige, grandiose Natur wehrt sich seit Jahrzehnten erfolgreich gegen die so genannte Zivilisation. Guerilla-Aktivit\u00e4ten tun ein \u00fcbriges, um die Touristen fern zu halten. Um so besser f\u00fcr die Choc\u00f3-Indianer, die hier noch einen einigerma\u00dfen gesch\u00fctzten Lebensraum vorfinden. Wer ein wenig mehr wissen will, der klicke hier.\n\nAm Schreibtisch zu Hause in Lyrik-Blogs nach Gedichten st\u00f6bern und &#8216;Al Jawala&#8217; h\u00f6ren, ist nicht das Gleiche. Aber es ist ein sch\u00f6ner Ersatz und schlie\u00dflich sitze ich immer noch &#8216;a\u00fan bajo las mismas estrellas&#8217; &#8211; unter den gleichen Sternen.<br><br>\n<hr style=\"border: 0; height: 5px; background-image: linear-gradient(to right, rgba(0, 0, 0, 0), rgba(0, 0, 0, 0.75), rgba(0, 0, 0, 0));\" \/><br><br>\n\n\n<small>Freitag, 28. August 2009<\/small><br><br>\n\n<big>Schweigen<\/big><br><br>\n\nIn der Weite<br>\nzerflie\u00dfen Gedanken.<br>\nTragen fort<br>\nvon dem<br>\nwas gestern war.<br><br>\n\nIn der Leere<br>\nverbleichen Worte.<br>\nSp\u00fclen weg<br>\naus dem<br>\nwas heute ist.<br><br>\n\nIn der Tiefe<br>\nwurzelt Hoffnung.<br>\nErdet sich<br>\nzu dem<br>\nwas bleiben wird.<br><br>\n\nIn der Stille<br>\nw\u00e4chst Heilung.<br>\nVielleicht<br>\nsollten wir<br>\nweiter schweigen.<br><br>\n<hr style=\"border: 0; height: 5px; background-image: linear-gradient(to right, rgba(0, 0, 0, 0), rgba(0, 0, 0, 0.75), rgba(0, 0, 0, 0));\" \/><br><br>\n\n\n<\/div>\n\t\t\t\t<\/div>\n\t\t\t\t<\/div>\n\t\t\t\t<div class=\"elementor-element elementor-element-0f17ae0 elementor-align-center elementor-widget elementor-widget-button\" data-id=\"0f17ae0\" data-element_type=\"widget\" data-widget_type=\"button.default\">\n\t\t\t\t<div class=\"elementor-widget-container\">\n\t\t\t\t\t<div class=\"elementor-button-wrapper\">\n\t\t\t<a href=\"https:\/\/poetenstube.de\/traumtuch\/\" rel=\"nofollow\" class=\"elementor-button-link elementor-button elementor-size-md\" role=\"button\">\n\t\t\t\t\t\t<span class=\"elementor-button-content-wrapper\">\n\t\t\t\t\t\t<span class=\"elementor-button-icon elementor-align-icon-left\">\n\t\t\t\t<i aria-hidden=\"true\" class=\"fas fa-arrow-right\"><\/i>\t\t\t<\/span>\n\t\t\t\t\t\t<span class=\"elementor-button-text\">Zur\u00fcck zum Blog<\/span>\n\t\t<\/span>\n\t\t\t\t\t<\/a>\n\t\t<\/div>\n\t\t\t\t<\/div>\n\t\t\t\t<\/div>\n\t\t\t\t\t\t<\/div>\n\t\t\t\t\t<\/div>\n\t\t<\/div>\n\t\t\t\t\t\t\t\t<\/div>\n\t\t\t\t\t<\/div>\n\t\t<\/section>\n\t\t\t\t\t\t<\/div>\n\t\t\t\t\t\t<\/div>\n\t\t\t\t\t<\/div>\n\t\t","protected":false},"excerpt":{"rendered":"<p>Zur\u00fcck zum Blog 2009-11-November Montag, 3. August 2009 Silbermond Cerro Chirrip\u00f2, Cordillera de Talamanca Costa Rica, Centro America Chirrip\u00f3 nennen die Indianer diesen Berg, ewige Wasser, aguas eternas. 3820 Meter \u00fcber Normalnull. Sicht auf Atlantik im Osten und Pazifik im Westen. Vor uns breitet sich eine Landschaft aus, in der jeder nur vorstellbare Gr\u00fcnton zu &#8230; <a title=\"2009-11-November\" class=\"read-more\" href=\"https:\/\/poetenstube.de\/traumtuch\/2020\/04\/16\/2009-11-november\/\" aria-label=\"Mehr dazu unter 2009-11-November\">Weiterlesen<\/a><\/p>\n","protected":false},"author":1,"featured_media":0,"comment_status":"closed","ping_status":"closed","sticky":false,"template":"elementor_header_footer","format":"standard","meta":[],"categories":[1],"tags":[],"_links":{"self":[{"href":"https:\/\/poetenstube.de\/traumtuch\/wp-json\/wp\/v2\/posts\/349"}],"collection":[{"href":"https:\/\/poetenstube.de\/traumtuch\/wp-json\/wp\/v2\/posts"}],"about":[{"href":"https:\/\/poetenstube.de\/traumtuch\/wp-json\/wp\/v2\/types\/post"}],"author":[{"embeddable":true,"href":"https:\/\/poetenstube.de\/traumtuch\/wp-json\/wp\/v2\/users\/1"}],"replies":[{"embeddable":true,"href":"https:\/\/poetenstube.de\/traumtuch\/wp-json\/wp\/v2\/comments?post=349"}],"version-history":[{"count":7,"href":"https:\/\/poetenstube.de\/traumtuch\/wp-json\/wp\/v2\/posts\/349\/revisions"}],"predecessor-version":[{"id":389,"href":"https:\/\/poetenstube.de\/traumtuch\/wp-json\/wp\/v2\/posts\/349\/revisions\/389"}],"wp:attachment":[{"href":"https:\/\/poetenstube.de\/traumtuch\/wp-json\/wp\/v2\/media?parent=349"}],"wp:term":[{"taxonomy":"category","embeddable":true,"href":"https:\/\/poetenstube.de\/traumtuch\/wp-json\/wp\/v2\/categories?post=349"},{"taxonomy":"post_tag","embeddable":true,"href":"https:\/\/poetenstube.de\/traumtuch\/wp-json\/wp\/v2\/tags?post=349"}],"curies":[{"name":"wp","href":"https:\/\/api.w.org\/{rel}","templated":true}]}}